{"id":9128,"date":"2026-04-23T11:34:25","date_gmt":"2026-04-23T09:34:25","guid":{"rendered":"https:\/\/if.uek.krakow.pl\/kbgsf\/?p=9128"},"modified":"2026-04-23T11:39:08","modified_gmt":"2026-04-23T09:39:08","slug":"dr-krzysztof-kil-wyrozniony-za-wklad-w-rozwoj-programu-nowoczesne-zarzadzanie-biznesem","status":"publish","type":"post","link":"https:\/\/if.uek.krakow.pl\/kbgsf\/dr-krzysztof-kil-wyrozniony-za-wklad-w-rozwoj-programu-nowoczesne-zarzadzanie-biznesem\/","title":{"rendered":"Dr Krzysztof Kil wyr\u00f3\u017cniony za wk\u0142ad w rozw\u00f3j programu Nowoczesne Zarz\u0105dzanie Biznesem"},"content":{"rendered":"\n<p>Z przyjemno\u015bci\u0105 informujemy, \u017ce dr Krzysztof Kil (Katedra Bankowo\u015bci i Globalnego Systemu Finansowego) zosta\u0142 wyr\u00f3\u017cniony podczas Og\u00f3lnopolskiego Spotkania Koordynator\u00f3w i Wyk\u0142adowc\u00f3w Programu <a href=\"https:\/\/www.facebook.com\/NowoczesneZarzadzanieBiznesem?__cft__[0]=AZZ1kbo5m7NH5R26GOhA1nnyAsvfWyb1J7tBZpM9Lkcdgev5I9gXjK4dZp4IfpwIHNukWWtEwkkNE4ZwRGgsCvaM5I0qLKRiJXFsIYQKBusFmtUyidTd6oNvdDGQXImqX3oDwBpb8tMIZ8H0IHhfY-SMjnhdH6lLYmhZZKAlfIAU0WYNPWSPbNrEGHy9LS0bYPs&amp;__tn__=-]K-R\">Nowoczesne Zarz\u0105dzanie Biznesem<\/a>.<\/p>\n\n\n\n<p>To wyj\u0105tkowe wyr\u00f3\u017cnienie stanowi wyraz uznania dla Jego zaanga\u017cowania oraz aktywnego wk\u0142adu w rozw\u00f3j programu, a tak\u017ce w budowanie \u015bwiadomo\u015bci ekonomicznej i finansowej w\u015br\u00f3d student\u00f3w. Doceniamy konsekwencj\u0119, profesjonalizm oraz pasj\u0119, z jak\u0105 dr Krzysztof Kil realizuje dzia\u0142ania dydaktyczne i wspiera inicjatywy akademickie.<\/p>\n\n\n\n<p>Jego dzia\u0142alno\u015b\u0107 ma istotne znaczenie dla rozwoju nowoczesnej edukacji ekonomicznej oraz wzmacniania kompetencji m\u0142odego pokolenia w obszarze finans\u00f3w i przedsi\u0119biorczo\u015bci.<\/p>\n\n\n\n<p>Serdecznie gratulujemy wyr\u00f3\u017cnienia oraz dzi\u0119kujemy za dotychczasowe zaanga\u017cowanie, \u017cycz\u0105c dalszych sukces\u00f3w naukowych i dydaktycznych.<\/p>\n\n\n\n<figure class=\"wp-block-image size-full\"><img decoding=\"async\" width=\"1024\" height=\"600\" loading=\"lazy\" src=\"https:\/\/if.uek.krakow.pl\/kbgsf\/wp-content\/uploads\/sites\/27\/2026\/04\/nzb_wyroznienie_kill.jpg\" alt=\"Zdj\u0119cie przedstawia dw\u00f3ch m\u0119\u017cczyzn ubranych w garnitury. M\u0119\u017cczyzna po prawej trzyma dyplom. Oba m\u0119\u017cczy\u017ani u\u015bmiechaj\u0105 si\u0119. W tle na banerze wida\u0107 napisy: Nowoczesne Zarz\u0105dzanie Biznesem.\" class=\"wp-image-9129\" srcset=\"https:\/\/if.uek.krakow.pl\/kbgsf\/wp-content\/uploads\/sites\/27\/2026\/04\/nzb_wyroznienie_kill.jpg 1024w, https:\/\/if.uek.krakow.pl\/kbgsf\/wp-content\/uploads\/sites\/27\/2026\/04\/nzb_wyroznienie_kill-600x352.jpg 600w, https:\/\/if.uek.krakow.pl\/kbgsf\/wp-content\/uploads\/sites\/27\/2026\/04\/nzb_wyroznienie_kill-768x450.jpg 768w\" sizes=\"auto, (max-width: 1024px) 100vw, 1024px\" \/><\/figure>\n","protected":false},"excerpt":{"rendered":"<p>Z przyjemno\u015bci\u0105 informujemy, \u017ce dr Krzysztof Kil (Katedra Bankowo\u015bci i Globalnego Systemu Finansowego) zosta\u0142 wyr\u00f3\u017cniony podczas Og\u00f3lnopolskiego Spotkania Koordynator\u00f3w i Wyk\u0142adowc\u00f3w Programu Nowoczesne Zarz\u0105dzanie Biznesem. To wyj\u0105tkowe wyr\u00f3\u017cnienie stanowi wyraz uznania dla Jego zaanga\u017cowania oraz aktywnego wk\u0142adu w rozw\u00f3j programu, a tak\u017ce w budowanie \u015bwiadomo\u015bci ekonomicznej i finansowej w\u015br\u00f3d student\u00f3w. Doceniamy konsekwencj\u0119, profesjonalizm oraz pasj\u0119, [&hellip;]<\/p>\n","protected":false},"author":15,"featured_media":9129,"comment_status":"closed","ping_status":"closed","sticky":false,"template":"","format":"standard","meta":{"_acf_changed":false,"footnotes":""},"categories":[20],"tags":[],"class_list":["post-9128","post","type-post","status-publish","format-standard","has-post-thumbnail","hentry","category-aktualnosci-pl"],"acf":[],"_links":{"self":[{"href":"https:\/\/if.uek.krakow.pl\/kbgsf\/wp-json\/wp\/v2\/posts\/9128","targetHints":{"allow":["GET"]}}],"collection":[{"href":"https:\/\/if.uek.krakow.pl\/kbgsf\/wp-json\/wp\/v2\/posts"}],"about":[{"href":"https:\/\/if.uek.krakow.pl\/kbgsf\/wp-json\/wp\/v2\/types\/post"}],"author":[{"embeddable":true,"href":"https:\/\/if.uek.krakow.pl\/kbgsf\/wp-json\/wp\/v2\/users\/15"}],"replies":[{"embeddable":true,"href":"https:\/\/if.uek.krakow.pl\/kbgsf\/wp-json\/wp\/v2\/comments?post=9128"}],"version-history":[{"count":3,"href":"https:\/\/if.uek.krakow.pl\/kbgsf\/wp-json\/wp\/v2\/posts\/9128\/revisions"}],"predecessor-version":[{"id":9132,"href":"https:\/\/if.uek.krakow.pl\/kbgsf\/wp-json\/wp\/v2\/posts\/9128\/revisions\/9132"}],"wp:featuredmedia":[{"embeddable":true,"href":"https:\/\/if.uek.krakow.pl\/kbgsf\/wp-json\/wp\/v2\/media\/9129"}],"wp:attachment":[{"href":"https:\/\/if.uek.krakow.pl\/kbgsf\/wp-json\/wp\/v2\/media?parent=9128"}],"wp:term":[{"taxonomy":"category","embeddable":true,"href":"https:\/\/if.uek.krakow.pl\/kbgsf\/wp-json\/wp\/v2\/categories?post=9128"},{"taxonomy":"post_tag","embeddable":true,"href":"https:\/\/if.uek.krakow.pl\/kbgsf\/wp-json\/wp\/v2\/tags?post=9128"}],"curies":[{"name":"wp","href":"https:\/\/api.w.org\/{rel}","templated":true}]}}